{"id":1020598,"date":"2026-08-29T09:04:50","date_gmt":"2026-08-29T13:04:50","guid":{"rendered":"https:\/\/noticel.com\/?p=1020598"},"modified":"2026-08-29T09:04:55","modified_gmt":"2026-08-29T13:04:55","slug":"arqueologos-chinos-y-peruanos-uniran-esfuerzos-para-estudiar-la-civilizacion-de-caral","status":"publish","type":"post","link":"https:\/\/noticel.com\/en\/noticias\/20260829\/arqueologos-chinos-y-peruanos-uniran-esfuerzos-para-estudiar-la-civilizacion-de-caral\/","title":{"rendered":"Arque\u00f3logos chinos y peruanos unir\u00e1n esfuerzos para estudiar la civilizaci\u00f3n de Caral"},"content":{"rendered":"<p>Pek\u00edn (EFE).- China y Per\u00fa ampliar\u00e1n su cooperaci\u00f3n cultural con un proyecto conjunto de investigaci\u00f3n arqueol\u00f3gica sobre la civilizaci\u00f3n de Caral, despu\u00e9s de que el Instituto de Arqueolog\u00eda de la Academia China de Ciencias Sociales firmara un acuerdo con instituciones peruanas.<\/p>\n\n\n\n<p>La cuenta oficial de la Red de Arqueolog\u00eda de China en la red social Weibo inform\u00f3 este martes de que la instituci\u00f3n china suscribi\u00f3 el acuerdo con la zona arqueol\u00f3gica de Caral, dependiente del Ministerio de Cultura peruano, y con la Facultad de Arqueolog\u00eda de la Universidad Nacional Mayor de San Marcos.<\/p>\n\n\n\n<p>Seg\u00fan la informaci\u00f3n difundida, el convenio contempla trabajos de campo, investigaciones de arqueolog\u00eda cient\u00edfica, conservaci\u00f3n del patrimonio cultural y formaci\u00f3n conjunta de especialistas.<\/p>\n\n\n\n<p>El acuerdo supone la primera participaci\u00f3n formal de una instituci\u00f3n arqueol\u00f3gica china en trabajos conjuntos de campo en Suram\u00e9rica, destac\u00f3 la prensa local.<\/p>\n\n\n\n<p>El proyecto se centrar\u00e1 inicialmente en los restos de la civilizaci\u00f3n de Caral, considerada una de las m\u00e1s antiguas de Am\u00e9rica, y posteriormente podr\u00eda extenderse al estudio de vestigios de la civilizaci\u00f3n inca.<\/p>\n\n\n\n<p>La publicaci\u00f3n se\u00f1ala que el equipo conjunto iniciar\u00e1 trabajos de prospecci\u00f3n en zonas como las cuencas de los r\u00edos Chancay y Supe, donde se encuentran algunos de los principales yacimientos asociados a dicha cultura, entre ellos la Ciudad Sagrada de Caral y \u00c1spero.<\/p>\n\n\n\n<p>La cooperaci\u00f3n cultural se suma a los v\u00ednculos econ\u00f3micos y diplom\u00e1ticos entre ambos pa\u00edses, que mantienen una asociaci\u00f3n estrat\u00e9gica integral desde 2013. Durante la visita del presidente chino, Xi Jinping, a Per\u00fa en noviembre de 2024, ambos pa\u00edses reforzaron sus acuerdos de cooperaci\u00f3n.<\/p>\n\n\n\n<p>Ese viaje coincidi\u00f3 con la cumbre de l\u00edderes del Foro de Cooperaci\u00f3n Econ\u00f3mica Asia-Pac\u00edfico (APEC) celebrada en Lima y con la inauguraci\u00f3n virtual del megapuerto de Chancay, una infraestructura construida con participaci\u00f3n de capital chino que Pek\u00edn presenta como un nuevo punto de conexi\u00f3n entre Asia y Am\u00e9rica Latina.<\/p>","protected":false},"excerpt":{"rendered":"<p>Pek\u00edn (EFE).- China y Per\u00fa ampliar\u00e1n su cooperaci\u00f3n cultural con un proyecto conjunto de investigaci\u00f3n arqueol\u00f3gica sobre la civilizaci\u00f3n de Caral, despu\u00e9s de que el Instituto de Arqueolog\u00eda de la Academia China de Ciencias Sociales firmara un acuerdo con instituciones peruanas. La cuenta oficial de la Red de Arqueolog\u00eda de China en la red social [&hellip;]<\/p>","protected":false},"author":102,"featured_media":1020599,"comment_status":"open","ping_status":"open","sticky":false,"template":"","format":"standard","meta":{"_acf_changed":false,"_monsterinsights_skip_tracking":false,"ep_exclude_from_search":false,"footnotes":""},"categories":[17,3],"tags":[4364,457,2489],"class_list":["post-1020598","post","type-post","status-publish","format-standard","has-post-thumbnail","hentry","category-mundo","category-noticias","tag-arqueologia","tag-china","tag-peru"],"acf":[],"aioseo_notices":[],"_links":{"self":[{"href":"https:\/\/noticel.com\/en\/wp-json\/wp\/v2\/posts\/1020598","targetHints":{"allow":["GET"]}}],"collection":[{"href":"https:\/\/noticel.com\/en\/wp-json\/wp\/v2\/posts"}],"about":[{"href":"https:\/\/noticel.com\/en\/wp-json\/wp\/v2\/types\/post"}],"author":[{"embeddable":true,"href":"https:\/\/noticel.com\/en\/wp-json\/wp\/v2\/users\/102"}],"replies":[{"embeddable":true,"href":"https:\/\/noticel.com\/en\/wp-json\/wp\/v2\/comments?post=1020598"}],"version-history":[{"count":1,"href":"https:\/\/noticel.com\/en\/wp-json\/wp\/v2\/posts\/1020598\/revisions"}],"predecessor-version":[{"id":1020600,"href":"https:\/\/noticel.com\/en\/wp-json\/wp\/v2\/posts\/1020598\/revisions\/1020600"}],"wp:featuredmedia":[{"embeddable":true,"href":"https:\/\/noticel.com\/en\/wp-json\/wp\/v2\/media\/1020599"}],"wp:attachment":[{"href":"https:\/\/noticel.com\/en\/wp-json\/wp\/v2\/media?parent=1020598"}],"wp:term":[{"taxonomy":"category","embeddable":true,"href":"https:\/\/noticel.com\/en\/wp-json\/wp\/v2\/categories?post=1020598"},{"taxonomy":"post_tag","embeddable":true,"href":"https:\/\/noticel.com\/en\/wp-json\/wp\/v2\/tags?post=1020598"}],"curies":[{"name":"wp","href":"https:\/\/api.w.org\/{rel}","templated":true}]}}