{"id":1020528,"date":"2026-08-26T05:48:00","date_gmt":"2026-08-26T09:48:00","guid":{"rendered":""},"modified":"2026-08-26T09:32:00","modified_gmt":"2026-08-26T13:32:00","slug":"esperar-por-un-pariente-desaparecido-es-como-vivir-una-vida-muerto","status":"publish","type":"post","link":"https:\/\/noticel.com\/en\/noticias\/20260826\/esperar-por-un-pariente-desaparecido-es-como-vivir-una-vida-muerto\/","title":{"rendered":"Esperar por un pariente desaparecido es como \u201cvivir una vida muerto\u201d"},"content":{"rendered":"<p>\u201cEsto es vivir una vida muerto, es una incertidumbre que t\u00fa no sabes, es una pregunta sin respuesta, es algo bien dif\u00edcil, para una madre es bien dif\u00edcil\u201d.<\/p>\n\n\n\n<p>Diana Reyes D\u00edaz, de 51 a\u00f1os y residente de Aguas Buenas, ha tocado muchas puertas y realizado gestiones, que tiene detalladas y anotadas en una carpeta blanca, para conocer el paradero de su hijo, desaparecido en Cidra el 19 de enero de 2022.<\/p>\n\n\n\n<p>La m\u00e1s reciente fue la ma\u00f1ana del martes, cuando acudi\u00f3 a una actividad de la Polic\u00eda y el Instituto de Ciencias Forenses (ICF), de la que se enter\u00f3 por televisi\u00f3n, durante la que las agencias marcaron el D\u00eda de las Personas Desaparecidas.<\/p>\n\n\n\n<p>Diana ha dado seguimiento con la Polic\u00eda desde que vio por \u00faltima vez a su hijo, Luis Francisco Nieves Reyes, quien hoy tendr\u00eda 32 a\u00f1os. El D\u00eda de Reyes de 2022 la llam\u00f3 por videoconferencia a pedirle ropa y otros art\u00edculos, los que le dio en su casa. El hombre, un usuario de drogas que estaba sin hogar, le dijo que el d\u00eda 19 ir\u00eda al Laboratorio Borinquen de Cidra a hacerse unos an\u00e1lisis, lo que hizo. Desde entonces, no lo ha visto.<\/p>\n\n\n\n<p>Incluso, el a\u00f1o pasado la madre pas\u00f3 por el trago amargo de ofrecer una muestra de su material gen\u00e9tico, porque la Polic\u00eda le avis\u00f3 que hab\u00edan encontrado una osamenta y quer\u00edan verificar si era de Luis Francisco, pero result\u00f3 negativo.<\/p>\n\n\n\n<p>Con ese episodio, y ya desde antes, la mujer hab\u00eda asumido el dolor de que su b\u00fasqueda podr\u00eda terminar no abrazando a su hijo otra vez, sino recibiendo sus restos.<\/p>\n\n\n\n<p>\u201cYo quiero encontrarlo, como sea, pero quiero encontrarlo. Yo s\u00e9 que no me va a escuchar, pero que d\u00e9 una se\u00f1al, porque es malo vivir cuatro a\u00f1os con esta incertidumbre. Quiero saber si esta vivo, si est\u00e1 muerto, si me necesita para algo\u201d, expres\u00f3 entre l\u00e1grimas. Si quien lee esto no es su hijo, pero sabe d\u00f3nde \u00e9l puede estar, Diana quiere que \u201cdigan d\u00f3nde est\u00e1 para darle cristiana sepultura y salir de eso\u201d. \u201cPero uno sin saber, es bien dif\u00edcil, mientras m\u00e1s d\u00edas pasan, m\u00e1s dif\u00edcil\u201d, dijo.<\/p><div class=\"notic-content-middle\" id=\"notic-1179508390\"><div class=\"notic-adlabel\">Advertisements<\/div><a data-no-instant=\"1\" href=\"https:\/\/www.asegurate-bien.com\/\" rel=\"noopener\" class=\"a2t-link\" target=\"_blank\" aria-label=\"Acodese-Adaptaciones-Noticel-728&#215;90\"><img loading=\"lazy\" decoding=\"async\" src=\"https:\/\/cdn.noticel.com\/2026\/07\/30095222\/Acodese-Adaptaciones-Noticel-728x90-1.jpg\" alt=\"\"  srcset=\"https:\/\/cdn.noticel.com\/2026\/07\/30095222\/Acodese-Adaptaciones-Noticel-728x90-1.jpg 728w, https:\/\/cdn.noticel.com\/2026\/07\/30095222\/Acodese-Adaptaciones-Noticel-728x90-1-300x37.jpg 300w, https:\/\/cdn.noticel.com\/2026\/07\/30095222\/Acodese-Adaptaciones-Noticel-728x90-1-18x2.jpg 18w\" sizes=\"(max-width: 728px) 100vw, 728px\" width=\"728\" height=\"90\"   \/><\/a><\/div>\n\n\n\n<figure class=\"wp-block-image size-large\"><img loading=\"lazy\" decoding=\"async\" width=\"1024\" height=\"641\" src=\"https:\/\/cdn.noticel.com\/2026\/08\/25202605\/juan-r-costa-personas-desaparecidas-diana-reyes-agosto-2026-1-1024x641.jpeg\" alt=\"\" class=\"wp-image-1020530\" srcset=\"https:\/\/cdn.noticel.com\/2026\/08\/25202605\/juan-r-costa-personas-desaparecidas-diana-reyes-agosto-2026-1-1024x641.jpeg 1024w, https:\/\/cdn.noticel.com\/2026\/08\/25202605\/juan-r-costa-personas-desaparecidas-diana-reyes-agosto-2026-1-300x188.jpeg 300w, https:\/\/cdn.noticel.com\/2026\/08\/25202605\/juan-r-costa-personas-desaparecidas-diana-reyes-agosto-2026-1-768x481.jpeg 768w, https:\/\/cdn.noticel.com\/2026\/08\/25202605\/juan-r-costa-personas-desaparecidas-diana-reyes-agosto-2026-1-18x12.jpeg 18w, https:\/\/cdn.noticel.com\/2026\/08\/25202605\/juan-r-costa-personas-desaparecidas-diana-reyes-agosto-2026-1.jpeg 1280w\" sizes=\"auto, (max-width: 1024px) 100vw, 1024px\" \/><figcaption class=\"wp-element-caption\"><em>Diana Reyes, madre del desaparecido, Luis Francisco Nieves Reyes. (NotiCel\/Juan R. Costa)<\/em><\/figcaption><\/figure>\n\n\n\n<p>Reyes D\u00edaz fue una de casi 60 personas que acudieron a la actividad en el Coliseo Rub\u00e9s Rodr\u00edguez de Bayam\u00f3n.<\/p>\n\n\n\n<p>Durante la actividad, las familias pasan por cinco estaciones para recopilar la informaci\u00f3n necesaria que apoye las investigaciones y futuras identificaciones. Comienza con el registro de los participantes y la verificaci\u00f3n, por parte de la Polic\u00eda, de la existencia de querellas relacionadas con la desaparici\u00f3n. Posteriormente, personal del Instituto de Ciencias Forenses realiza una entrevista forense y b\u00fasqueda preliminar por nombre en las bases de datos disponibles. Luego, se toman muestras de material gen\u00e9tico a familiares biol\u00f3gicamente elegibles para futuras comparaciones gen\u00e9ticas. Finalmente, toda la informaci\u00f3n y las muestras recopiladas se incorporan a la base de datos del Instituto de Ciencias Forenses mediante un n\u00famero \u00fanico de identificaci\u00f3n.<\/p>\n\n\n\n<p>Para la toma de muestras de ADN se dar\u00e1 prioridad a los padres biol\u00f3gicos, hijos biol\u00f3gicos y hermanos de padre y madre. En ausencia de estos familiares, y de acuerdo con la evaluaci\u00f3n del personal forense, tambi\u00e9n podr\u00e1n participar medio hermanos, abuelos, t\u00edos o primos biol\u00f3gicos.<\/p>\n\n\n\n<p>Los organizadores exhortaron a las familias a llevar, de estar disponible, informaci\u00f3n demogr\u00e1fica de la persona desaparecida, una fotograf\u00eda reciente, una descripci\u00f3n f\u00edsica que incluya cicatrices, tatuajes o cualquier otra caracter\u00edstica particular, as\u00ed como informaci\u00f3n m\u00e9dica y de expedientes o radiograf\u00edas dentales o corporales. Pero la falta de alguna de esta informaci\u00f3n no es obst\u00e1culo para que la persona participe de la actividad, que se repite hoy de 8:00 a.m. a 3:00 p.m., en el Palacio de Recreaci\u00f3n y Deportes de Mayag\u00fcez.<\/p>\n\n\n\n<p>Fuera de estas fechas, las personas con familiares desaparecidos pueden acudir tambi\u00e9n a la Polic\u00eda y el ICF.<\/p>\n\n\n\n<p>Tambi\u00e9n, la Unidad de Identificaci\u00f3n Humana (UIH) del ICF coordin\u00f3 con especialistas del National Missing and Unidentified Persons System (NamUs) un taller de capacitaci\u00f3n que se ofrecer\u00e1 el 24 de agosto al personal del Instituto de Ciencias Forenses y a agentes de la Polic\u00eda de Puerto Rico. El adiestramiento tiene como objetivo ampliar el n\u00famero de funcionarios capacitados en el uso de esta plataforma y promover su utilizaci\u00f3n de manera uniforme en las investigaciones relacionadas con personas desaparecidas y restos humanos sin identificar.<\/p>","protected":false},"excerpt":{"rendered":"<p>\u201cEsto es vivir una vida muerto, es una incertidumbre que t\u00fa no sabes, es una pregunta sin respuesta, es algo bien dif\u00edcil, para una madre es bien dif\u00edcil\u201d. Diana Reyes D\u00edaz, de 51 a\u00f1os y residente de Aguas Buenas, ha tocado muchas puertas y realizado gestiones, que tiene detalladas y anotadas en una carpeta blanca, [&hellip;]<\/p>","protected":false},"author":100,"featured_media":1020529,"comment_status":"open","ping_status":"open","sticky":false,"template":"","format":"standard","meta":{"_acf_changed":false,"_monsterinsights_skip_tracking":false,"ep_exclude_from_search":false,"footnotes":""},"categories":[12,3],"tags":[443,149,3840],"class_list":["post-1020528","post","type-post","status-publish","format-standard","has-post-thumbnail","hentry","category-la-calle","category-noticias","tag-desaparecido","tag-gobierno","tag-instituto-de-ciencias-forenses"],"acf":[],"aioseo_notices":[],"_links":{"self":[{"href":"https:\/\/noticel.com\/en\/wp-json\/wp\/v2\/posts\/1020528","targetHints":{"allow":["GET"]}}],"collection":[{"href":"https:\/\/noticel.com\/en\/wp-json\/wp\/v2\/posts"}],"about":[{"href":"https:\/\/noticel.com\/en\/wp-json\/wp\/v2\/types\/post"}],"author":[{"embeddable":true,"href":"https:\/\/noticel.com\/en\/wp-json\/wp\/v2\/users\/100"}],"replies":[{"embeddable":true,"href":"https:\/\/noticel.com\/en\/wp-json\/wp\/v2\/comments?post=1020528"}],"version-history":[{"count":4,"href":"https:\/\/noticel.com\/en\/wp-json\/wp\/v2\/posts\/1020528\/revisions"}],"predecessor-version":[{"id":1020607,"href":"https:\/\/noticel.com\/en\/wp-json\/wp\/v2\/posts\/1020528\/revisions\/1020607"}],"wp:featuredmedia":[{"embeddable":true,"href":"https:\/\/noticel.com\/en\/wp-json\/wp\/v2\/media\/1020529"}],"wp:attachment":[{"href":"https:\/\/noticel.com\/en\/wp-json\/wp\/v2\/media?parent=1020528"}],"wp:term":[{"taxonomy":"category","embeddable":true,"href":"https:\/\/noticel.com\/en\/wp-json\/wp\/v2\/categories?post=1020528"},{"taxonomy":"post_tag","embeddable":true,"href":"https:\/\/noticel.com\/en\/wp-json\/wp\/v2\/tags?post=1020528"}],"curies":[{"name":"wp","href":"https:\/\/api.w.org\/{rel}","templated":true}]}}