{"id":1020457,"date":"2026-08-27T13:02:07","date_gmt":"2026-08-27T17:02:07","guid":{"rendered":""},"modified":"2026-08-27T13:02:12","modified_gmt":"2026-08-27T17:02:12","slug":"musica-teatro-libros-y-arte-entre-las-alternativas-para-disfrutar-este-wiken","status":"publish","type":"post","link":"https:\/\/noticel.com\/en\/entretenimiento\/20260827\/musica-teatro-libros-y-arte-entre-las-alternativas-para-disfrutar-este-wiken\/","title":{"rendered":"M\u00fasica, teatro, libros y arte entre las alternativas para disfrutar este wik\u00e9n"},"content":{"rendered":"<p>M\u00faltiples alternativas para disfrutar este fin de semana a nivel Isla. A continuaci\u00f3n, una muestra de lo que se estar\u00e1 presentando en t\u00e9rminos de actividades culturales. Que disfruten!<\/p>\n\n\n\n<p><strong>Jueves 27 de agosto<\/strong><\/p>\n\n\n\n<p>12:00 pm | Contin\u00faa la exposici\u00f3n de arte titulada \u201cEl peine Afro: una historia de identidad y resistencia\u201d, que se presenta en el marco del D\u00eda Internacional de las Personas Afrodescendientes. En el Museo Afro Casa Silvana, barrio Mambiche Prieto de Humacao. La entrada es gratuita. Para m\u00e1s informaci\u00f3n: 787-240-4603.<strong><\/strong><\/p>\n\n\n\n<p>6:00 pm | Continua la exposici\u00f3n \u201cRazas de agua\u201d, una colectiva que reflexiona sobre el papel del agua en la historia, la memoria y la identidad del Caribe, explorando temas como la migraci\u00f3n, la espiritualidad, la salud mental y la preservaci\u00f3n ambiental. En la galer\u00eda Marca Ribe, calle Bol\u00edvar, Santurce.<\/p>\n\n\n\n<p>6:00 pm | Presentaci\u00f3n del libro \u201cSaludando al tambor: el nuevo movimiento de la bomba puertorrique\u00f1a\u201d, de B\u00e1rbara Abad\u00eda Rexach. En Casa Cole, calle Robles 59, R\u00edo Piedras.<\/p>\n\n\n\n<p>7:00 pm | Actividad \u201cNoches de poes\u00eda\u201d, moderada por Carmen Hilda Santini y F\u00e9lix C\u00f3rdova Iturregui. En la librer\u00eda Casa Norberto, tercer nivel de Plaza Las Am\u00e9ricas.<\/p>\n\n\n\n<p>7:00 pm | Concierto inaugural de \u201cConversaciones en Jazz\u201d, una nueva serie que combina m\u00fasica en vivo y di\u00e1logos para acercar al p\u00fablico a las ideas, historias y decisiones musicales que forman parte del jazz. En la sede de Humanidades Puerto Rico, tercer piso del Cuartel de Ballaj\u00e1, Viejo San Juan. La entrada es libre de costo, pero se requiere registro previo en: <a href=\"https:\/\/givebutter.com\/conversaciones-en-jazz-1\">givebutter.com\/conversaciones-en-jazz-1<\/a>. Los espacios son limitados.<\/p>\n\n\n\n<p>8:00 pm | El espect\u00e1culo de aniversario de Teatro Breve \u201c20 a\u00f1os despu\u00e9s\u201d contin\u00faa en cartelera. El p\u00fablico celebra la nostalgia y la risa al revivir sketches ic\u00f3nicos junto a los creadores originales de Teatro Breve. En el teatro El Shorty, Calle del Parque, Santurce. Los boletos est\u00e1n disponibles en <a href=\"http:\/\/teatrobreve.com\">teatrobreve.com<\/a>.<\/p>\n\n\n\n<figure class=\"wp-block-image size-large\"><img loading=\"lazy\" decoding=\"async\" width=\"1024\" height=\"681\" src=\"https:\/\/cdn.noticel.com\/2026\/08\/25141334\/Fidel-Morales-bateria-1024x681.jpg\" alt=\"\" class=\"wp-image-1020458\" srcset=\"https:\/\/cdn.noticel.com\/2026\/08\/25141334\/Fidel-Morales-bateria-1024x681.jpg 1024w, https:\/\/cdn.noticel.com\/2026\/08\/25141334\/Fidel-Morales-bateria-300x200.jpg 300w, https:\/\/cdn.noticel.com\/2026\/08\/25141334\/Fidel-Morales-bateria-768x511.jpg 768w, https:\/\/cdn.noticel.com\/2026\/08\/25141334\/Fidel-Morales-bateria-1536x1022.jpg 1536w, https:\/\/cdn.noticel.com\/2026\/08\/25141334\/Fidel-Morales-bateria-2048x1362.jpg 2048w, https:\/\/cdn.noticel.com\/2026\/08\/25141334\/Fidel-Morales-bateria-18x12.jpg 18w\" sizes=\"auto, (max-width: 1024px) 100vw, 1024px\" \/><figcaption class=\"wp-element-caption\"><em>El m\u00fasico y educador Fidel Morales participa en el concierto \u201cConversaciones en Jazz\u201d en el Viejo San Juan. (Foto suministrada)<\/em><\/figcaption><\/figure>\n\n\n\n<p><strong>Viernes 28 de agosto<\/strong><\/p>\n\n\n\n<p>12:00 pm | Contin\u00faa la exposici\u00f3n de arte titulada \u201cEl peine Afro: una historia de identidad y resistencia\u201d, que se presenta en el marco del D\u00eda Internacional de las Personas Afrodescendientes. En el Museo Afro Casa Silvana, barrio Mambiche Prieto de Humacao. La entrada es gratuita. Para m\u00e1s informaci\u00f3n: 787-240-4603.<strong><\/strong><\/p>\n\n\n\n<p>6:00 pm | Continua la exposici\u00f3n \u201cRazas de agua\u201d, una colectiva que reflexiona sobre el papel del agua en la historia, la memoria y la identidad del Caribe, explorando temas como la migraci\u00f3n, la espiritualidad, la salud mental y la preservaci\u00f3n ambiental. En la galer\u00eda Marca Ribe, calle Bol\u00edvar, Santurce.<\/p>\n\n\n\n<p>7:00 pm | Viernes de salsa en Isabela. Clases de baile con Henry Duprey, m\u00fasica, artesanos y kioskos. En la plaza p\u00fablica de Isabela.<\/p>\n\n\n\n<p>7:00 pm | Presentaci\u00f3n del espect\u00e1culo \u201cLas Georgies\u201d, un homenaje musical a la carrera de la actriz y cantante Georgina Borri, inspirado en \u201cLas Bohemias\u201d. En el Caf\u00e9 Teatro Jos\u00e9 Luis Moner\u00f3 del Centro de bellas Artes de Caguas. Boletos en ticketera.com<\/p>\n\n\n\n<p>7:00 pm | Comienza el Octavo Festival de Salsa Frankie Ruiz. Hoy, viernes, con la m\u00fasica de Michael Stuart, La Mulenze y Los Guardiola. En la concha ac\u00fastica Frankie Ruiz del Palacio de los Deportes de Mayag\u00fcez. <strong><\/strong><\/p>\n\n\n\n<p>8:00 pm | El espect\u00e1culo de aniversario de Teatro Breve \u201c20 a\u00f1os despu\u00e9s\u201d contin\u00faa en cartelera. El p\u00fablico celebra la nostalgia y la risa al revivir sketches ic\u00f3nicos junto a los creadores originales de Teatro Breve. En el teatro El Shorty, Calle del Parque, Santurce. Los boletos est\u00e1n disponibles en <a href=\"http:\/\/teatrobreve.com\">teatrobreve.com<\/a>.<\/p>\n\n\n\n<p>8:00 pm | Reapertura del hist\u00f3rico Teatro Junque\u00f1o Rafael A. Castro Pereda con la producci\u00f3n \u201cRecuerdos de mi Valenciano: Mi pueblo, mi coraz\u00f3n, mi peque\u00f1o Par\u00eds\u201d, el primer musical original junque\u00f1o presentado en el pueblo y una obra que re\u00fane a m\u00e1s de 70 talentos en escena. El teatro est\u00e1 ubicado en la Calle Algar\u00edn, frente a la Plaza de Juncos. Boletos disponibles a trav\u00e9s de PIETIX en pietix.com\/recuerdos-de-mi-valenciano.<\/p>\n\n\n\n<p>8:00 pm | La Orquesta Sinf\u00f3nica de Puerto Rico y Ballets de San Juan presentan el&nbsp;<em>Concierto de Verano 2026<\/em>. Al podio estar\u00e1 el maestro Rafael Enrique Irizarry, Director Asociado de la OSPR. En la Sala Sinf\u00f3nica Pablo Casals del Centro de Bellas Artes Luis A. Ferr\u00e9 en Santurce. Los boletos, aunque gratuitos, podr\u00e1n reservarse a trav\u00e9s de la boleter\u00eda de&nbsp;Evenbrite. La entrada no tiene costo; \u00fanicamente aplican los cargos por servicio de la boleter\u00eda.<\/p>\n\n\n\n<p>8:00 pm | Obra teatral \u201cLas cosas extraordinarias\u201d, de Duncan McMillan y Johny Donahoe. Protagonizada por Norwill Fragoso. En la Sala Experimental del Centro de Bellas Artes de Santurce. Boletos en ticketera.com<\/p>\n\n\n\n<figure class=\"wp-block-image size-large\"><img loading=\"lazy\" decoding=\"async\" width=\"819\" height=\"1024\" src=\"https:\/\/cdn.noticel.com\/2026\/08\/25141711\/BSJ-ORQUESTA-SINFONICA-DE-PR-2-819x1024.jpeg\" alt=\"\" class=\"wp-image-1020461\" srcset=\"https:\/\/cdn.noticel.com\/2026\/08\/25141711\/BSJ-ORQUESTA-SINFONICA-DE-PR-2-819x1024.jpeg 819w, https:\/\/cdn.noticel.com\/2026\/08\/25141711\/BSJ-ORQUESTA-SINFONICA-DE-PR-2-240x300.jpeg 240w, https:\/\/cdn.noticel.com\/2026\/08\/25141711\/BSJ-ORQUESTA-SINFONICA-DE-PR-2-768x960.jpeg 768w, https:\/\/cdn.noticel.com\/2026\/08\/25141711\/BSJ-ORQUESTA-SINFONICA-DE-PR-2-10x12.jpeg 10w, https:\/\/cdn.noticel.com\/2026\/08\/25141711\/BSJ-ORQUESTA-SINFONICA-DE-PR-2.jpeg 1080w\" sizes=\"auto, (max-width: 819px) 100vw, 819px\" \/><figcaption class=\"wp-element-caption\"><em>La Orquesta Sinf\u00f3nica de Puerto Rico y Ballets de San Juan presentan el&nbsp;Concierto de Verano 2026. (Foto suministrada)<\/em><\/figcaption><\/figure>\n\n\n\n<p><strong>S\u00e1bado 29 de agosto<\/strong><\/p>\n\n\n\n<p>11:00 am | Recorrido guiado en el que el visitante conocer\u00e1 la colecci\u00f3n de obras del Museo de Arte de Puerto Rico. En el museo, avenida De Diego en Santurce. Informaci\u00f3n en el 787-977-6277.<\/p>\n\n\n\n<p>11:00 am | Puede visitar el Museo de los Santos y Arte Nacional (MUSAN) que est\u00e1 dedicado a la preservaci\u00f3n, investigaci\u00f3n y exhibici\u00f3n de los santos puertorrique\u00f1os y el arte popular tradicional. MUSAN alberga, en un solo lugar, la colecci\u00f3n m\u00e1s grande accesible al p\u00fablico de talla de santos puertorrique\u00f1os. Est\u00e1 ubicado en la Avenida Ponce de Le\u00f3n 1673, Distrito de las Artes en Santurce.<\/p>\n\n\n\n<p>12:00 pm | Contin\u00faa la exposici\u00f3n de arte titulada \u201cEl peine Afro: una historia de identidad y resistencia\u201d, que se presenta en el marco del D\u00eda Internacional de las Personas Afrodescendientes. En el Museo Afro Casa Silvana, barrio Mambiche Prieto de Humacao. La entrada es gratuita. Para m\u00e1s informaci\u00f3n: 787-240-4603.<strong><\/strong><\/p>\n\n\n\n<p>1:00 pm | Presentaci\u00f3n del libro \u201cCoquichy Adventures: World of Smiles Tunes\u201d, de Jos\u00e9 Juan Pomales. En la librer\u00eda El Candil, calle Uni\u00f3n 93, Ponce. Habr\u00e1 transmisi\u00f3n por la p\u00e1gina de Facebook de la librer\u00eda. Tel\u00e9fono: (787) 242-6693.<\/p>\n\n\n\n<p>3:00 pm | Presentaci\u00f3n del libro \u201cEl deseo de una estrella\u201d de Gerardo Rovira S\u00e1nchez. En la librer\u00eda Casa Norberto, tercer nivel de Plaza Las Am\u00e9ricas. Habr\u00e1 transmisi\u00f3n por la p\u00e1gina de Facebook de la librer\u00eda.<\/p>\n\n\n\n<p>3:00 pm | Presentaci\u00f3n del libro \u201cQueda pendiente el provenir\u201d, de Julio Muriente y Aurora Muriente. En la librer\u00eda El Candil, calle Uni\u00f3n 93, Ponce. Habr\u00e1 transmisi\u00f3n por la p\u00e1gina de Facebook de la librer\u00eda. Tel\u00e9fono: (787) 242-6693.<strong><\/strong><\/p>\n\n\n\n<p>2:00 pm | Presentaci\u00f3n de la octava edici\u00f3n del libro \u00ab\ud835\ude4b\ud835\ude6a\ud835\ude5a\ud835\ude67\ud835\ude69\ud835\ude64 \ud835\ude4d\ud835\ude5e\ud835\ude58\ud835\ude64 \ud835\ude5a\ud835\ude63 \ud835\ude61\ud835\ude56\ud835\ude68 \ud835\ude42\ud835\ude67\ud835\ude56\ud835\ude63\ud835\ude59\ud835\ude5a\ud835\ude68 \ud835\ude47\ud835\ude5e\ud835\ude5c\ud835\ude56\ud835\ude68\u00bb, de Jossie Alvarado, una publicaci\u00f3n que documenta y enaltece la trayectoria de los peloteros puertorrique\u00f1os en el b\u00e9isbol de las Grandes Ligas. En la Casa Trina Padilla de Sanz, calle Gonzalo Mar\u00edn, Arecibo.<\/p>\n\n\n\n<p>3:00 pm | La Orquesta Sinf\u00f3nica de Puerto Rico y Ballets de San Juan presentan el&nbsp;<em>Concierto de Verano 2026,<\/em> primera funci\u00f3n del d\u00eda. Al podio estar\u00e1 el maestro Rafael Enrique Irizarry, Director Asociado de la OSPR. En la Sala Sinf\u00f3nica Pablo Casals del Centro de Bellas Artes Luis A. Ferr\u00e9 en Santurce. Los boletos, aunque gratuitos, podr\u00e1n reservarse a trav\u00e9s de la boleter\u00eda de&nbsp;Evenbrite. La entrada no tiene costo; \u00fanicamente aplican los cargos por servicio de la boleter\u00eda.<\/p>\n\n\n\n<p>4:30 pm | Presentaci\u00f3n del libro \u201cConfesiones\u201d, de Pablo Maysonet V\u00e1zquez. En la librer\u00eda El Candil, calle Uni\u00f3n 93, Ponce. Habr\u00e1 transmisi\u00f3n por la p\u00e1gina de Facebook de la librer\u00eda. Tel\u00e9fono: (787) 242-6693.<\/p>\n\n\n\n<p>4:30 pm | Presentaci\u00f3n del libro \u201cPor amor casi muero\u201d de Lissy Arroyo. En la librer\u00eda Casa Norberto, tercer nivel de Plaza Las Am\u00e9ricas. Habr\u00e1 transmisi\u00f3n por la p\u00e1gina de Facebook de la librer\u00eda.<\/p>\n\n\n\n<p>6:00 pm | Continua la exposici\u00f3n \u201cRazas de agua\u201d, una colectiva que reflexiona sobre el papel del agua en la historia, la memoria y la identidad del Caribe, explorando temas como la migraci\u00f3n, la espiritualidad, la salud mental y la preservaci\u00f3n ambiental. En la galer\u00eda Marca Ribe, calle Bol\u00edvar, Santurce.<\/p>\n\n\n\n<p>6:00 pm | La Orquesta Sinf\u00f3nica de Puerto Rico y Ballets de San Juan presentan el&nbsp;<em>Concierto de Verano 2026,<\/em> segunda funci\u00f3n del d\u00eda. Al podio estar\u00e1 el maestro Rafael Enrique Irizarry, Director Asociado de la OSPR. En la Sala Sinf\u00f3nica Pablo Casals del Centro de Bellas Artes Luis A. Ferr\u00e9 en Santurce. Los boletos, aunque gratuitos, podr\u00e1n reservarse a trav\u00e9s de la boleter\u00eda de&nbsp;Evenbrite. La entrada no tiene costo; \u00fanicamente aplican los cargos por servicio de la boleter\u00eda.<\/p>\n\n\n\n<p>6:00 pm | El cantautor Mike Rivera presenta su concierto \u201cAmigos cercanos 2\u201d, en el que compartir\u00e1 tarima con varios colegas artistas. En la sala Ren\u00e9 Marqu\u00e9s del Centro de Bellas Artes de Santurce. Boletos en en Ticketera, Ticketcenter y en la boleter\u00eda de Bellas Artes.<\/p>\n\n\n\n<p>7:00 pm | Continua el Octavo Festival de Salsa Frankie Ruiz. Hoy, s\u00e1bado, con la m\u00fasica de La Soluci\u00f3n, Willie Gonz\u00e1lez y la Sonora Ponce\u00f1a. En la concha ac\u00fastica Frankie Ruiz del Palacio de los Deportes de Mayag\u00fcez.<\/p>\n\n\n\n<p>8:00 pm | El espect\u00e1culo de aniversario de Teatro Breve \u201c20 a\u00f1os despu\u00e9s\u201d contin\u00faa en cartelera. El p\u00fablico celebra la nostalgia y la risa al revivir sketches ic\u00f3nicos junto a los creadores originales de Teatro Breve. En el teatro El Shorty, Calle del Parque, Santurce. Los boletos est\u00e1n disponibles en <a href=\"http:\/\/teatrobreve.com\">teatrobreve.com<\/a>.<\/p>\n\n\n\n<p>8:00 pm | Reapertura del hist\u00f3rico Teatro Junque\u00f1o Rafael A. Castro Pereda con la producci\u00f3n \u201cRecuerdos de mi Valenciano: Mi pueblo, mi coraz\u00f3n, mi peque\u00f1o Par\u00eds\u201d, el primer musical original junque\u00f1o presentado en el pueblo y una obra que re\u00fane a m\u00e1s de 70 talentos en escena. El teatro est\u00e1 ubicado en la Calle Algar\u00edn, frente a la Plaza de Juncos. Boletos disponibles a trav\u00e9s de PIETIX en pietix.com\/recuerdos-de-mi-valenciano.<\/p>\n\n\n\n<p>8:00 pm | El espect\u00e1culo \u201cDancing Queen: Tributo filarm\u00f3nico a ABBA\u201d se presenta a beneficio de la organizaci\u00f3n sin fines de lucro \u201cLa perla de gran precio\u201d. En el Centro de Bellas Artes de Caguas. Boletos en ticketera.com<\/p>\n\n\n\n<p>8:00 pm | Obra teatral \u201cLas cosas extraordinarias\u201d, de Duncan McMillan y Johny Donahoe. Protagonizada por Norwill Fragoso. En la Sala Experimental del Centro de Bellas Artes de Santurce. Boletos en ticketera.com<\/p>\n\n\n\n<p>8:30 pm | Gianluca Perotti cerrar\u00e1 su gira con la \u00faltima presentaci\u00f3n de \u201cEl Guaynabito de Corozal\u201d, el stand-up comedy que lo ha llevado por distintos escenarios de Puerto Rico. En el Teatro Braulio Castillo de Bayam\u00f3n. Los boletos est\u00e1n disponibles a trav\u00e9s de Ticketera.<\/p>\n\n\n\n<figure class=\"wp-block-image size-large\"><img loading=\"lazy\" decoding=\"async\" width=\"683\" height=\"1024\" src=\"https:\/\/cdn.noticel.com\/2026\/08\/25142553\/MIKIE-RIVERA-4-683x1024.jpeg\" alt=\"\" class=\"wp-image-1020466\" srcset=\"https:\/\/cdn.noticel.com\/2026\/08\/25142553\/MIKIE-RIVERA-4-683x1024.jpeg 683w, https:\/\/cdn.noticel.com\/2026\/08\/25142553\/MIKIE-RIVERA-4-200x300.jpeg 200w, https:\/\/cdn.noticel.com\/2026\/08\/25142553\/MIKIE-RIVERA-4-768x1152.jpeg 768w, https:\/\/cdn.noticel.com\/2026\/08\/25142553\/MIKIE-RIVERA-4-1024x1536.jpeg 1024w, https:\/\/cdn.noticel.com\/2026\/08\/25142553\/MIKIE-RIVERA-4-1365x2048.jpeg 1365w, https:\/\/cdn.noticel.com\/2026\/08\/25142553\/MIKIE-RIVERA-4-8x12.jpeg 8w\" sizes=\"auto, (max-width: 683px) 100vw, 683px\" \/><figcaption class=\"wp-element-caption\"><em>El cantautor Mike Rivera presenta su concierto \u201cAmigos cercanos 2\u201d, en el que compartir\u00e1 tarima con varios colegas artistas. (Foto suministrada)<\/em><\/figcaption><\/figure>\n\n\n\n<p><strong>Domingo 30 de agosto<\/strong><\/p>\n\n\n\n<p>7:00 am | Cerca de 1,500 libras de mondongo ser\u00e1n confeccionadas el domingo 30 de agosto en una olla comunitaria, cuando el Municipio de Camuy celebre una nueva edici\u00f3n del Festival del Mondongazo, una actividad gastron\u00f3mica en el sector Pueblo Norte, del barrio Pueblo, y reunir\u00e1 m\u00fasica, artesanos, comerciantes y comida local durante todo el d\u00eda. Frente al Colmado Cafet\u00edn Bubu. La m\u00fasica comenzar\u00e1 al mediod\u00eda con Grupo 321, J\u00edbara Banda, Innovaci\u00f3n Musical y la Sonora Ponce\u00f1a.<strong><\/strong><\/p>\n\n\n\n<p>11:00 am | Puede visitar el Museo de los Santos y Arte Nacional (MUSAN) que est\u00e1 dedicado a la preservaci\u00f3n, investigaci\u00f3n y exhibici\u00f3n de los santos puertorrique\u00f1os y el arte popular tradicional. MUSAN alberga, en un solo lugar, la colecci\u00f3n m\u00e1s grande accesible al p\u00fablico de talla de santos puertorrique\u00f1os. Est\u00e1 ubicado en la Avenida Ponce de Le\u00f3n 1673, Distrito de las Artes en Santurce.<\/p>\n\n\n\n<p>12:00 pm | Concluye el Octavo Festival de Salsa Frankie Ruiz. Hoy, domingo, con la m\u00fasica de Wendy Luna, Giro y su orquesta, Gilberto Santa Rosa, El Gran Combo, Tommy Olivencia Jr. con Viti Ruiz, Frankie Ruiz Jr. y Maelo Ruiz. En la concha ac\u00fastica Frankie Ruiz del Palacio de los Deportes de Mayag\u00fcez.<\/p>\n\n\n\n<p>12:00 pm | Celebraci\u00f3n del D\u00eda Nacional del Cuatro Puertorrique\u00f1o. Durante la actividad se celebrar\u00e1 el Magno Concurso de Cuatristas, abierto a participantes residentes en Puerto Rico. En la Plaza Santiago R. Palmer. <strong><\/strong><\/p>\n\n\n\n<p>1:00 pm | Presentaci\u00f3n de la octava edici\u00f3n del libro \u00ab\ud835\ude4b\ud835\ude6a\ud835\ude5a\ud835\ude67\ud835\ude69\ud835\ude64 \ud835\ude4d\ud835\ude5e\ud835\ude58\ud835\ude64 \ud835\ude5a\ud835\ude63 \ud835\ude61\ud835\ude56\ud835\ude68 \ud835\ude42\ud835\ude67\ud835\ude56\ud835\ude63\ud835\ude59\ud835\ude5a\ud835\ude68 \ud835\ude47\ud835\ude5e\ud835\ude5c\ud835\ude56\ud835\ude68\u00bb, de Jossie Alvarado, una publicaci\u00f3n que documenta y enaltece la trayectoria de los peloteros puertorrique\u00f1os en el b\u00e9isbol de las Grandes Ligas. En la librer\u00eda El Candil, calle Uni\u00f3n 93, Ponce. Habr\u00e1 transmisi\u00f3n por la p\u00e1gina de Facebook de la librer\u00eda. Tel\u00e9fono: (787) 242-6693.<\/p>\n\n\n\n<p>3:00 pm | Presentaci\u00f3n del libro \u201cEl despertar de mi alma en la vida\u201d de Sherily Pereira Morales. En la librer\u00eda Casa Norberto, tercer nivel de Plaza Las Am\u00e9ricas. Habr\u00e1 transmisi\u00f3n por la p\u00e1gina de Facebook de la librer\u00eda.<\/p>\n\n\n\n<p>4:00 pm | Concierto \u201cSue\u00f1os compartidos\u201d, presentaci\u00f3n que reunir\u00e1 al Prof. Jos\u00e9 Ram\u00f3n Torres, tenor, como int\u00e9rprete principal, y a la pianista Tatiana V\u00e9lez Rodr\u00edguez, como acompa\u00f1ante. En la&nbsp;Sala Jes\u00fas Mar\u00eda Sanrom\u00e1 del Conservatorio de M\u00fasica de Puerto Rico. Boletos en Ticket Center y en la boleter\u00eda del Teatro Bertita y Guillermo L. Mart\u00ednez el d\u00eda del evento sujeto a disponibilidad.<\/p>\n\n\n\n<p>4:00 pm | Obra teatral \u201cLas cosas extraordinarias\u201d, de Duncan McMillan y Johny Donahoe. Protagonizada por Norwill Fragoso. En la Sala Experimental del Centro de Bellas Artes de Santurce. Boletos en ticketera.com<strong><\/strong><\/p>\n\n\n\n<p>5:00 pm | Reapertura del hist\u00f3rico Teatro Junque\u00f1o Rafael A. Castro Pereda con la producci\u00f3n \u201cRecuerdos de mi Valenciano: Mi pueblo, mi coraz\u00f3n, mi peque\u00f1o Par\u00eds\u201d, el primer musical original junque\u00f1o presentado en el pueblo y una obra que re\u00fane a m\u00e1s de 70 talentos en escena. El teatro est\u00e1 ubicado en la Calle Algar\u00edn, frente a la Plaza de Juncos. Boletos disponibles a trav\u00e9s de PIETIX en pietix.com\/recuerdos-de-mi-valenciano.<\/p>\n\n\n\n<p>6:00 pm | El espect\u00e1culo de aniversario de Teatro Breve \u201c20 a\u00f1os despu\u00e9s\u201d contin\u00faa en cartelera. El p\u00fablico celebra la nostalgia y la risa al revivir sketches ic\u00f3nicos junto a los creadores originales de Teatro Breve. En el teatro El Shorty, Calle del Parque, Santurce. Los boletos est\u00e1n disponibles en <a href=\"http:\/\/teatrobreve.com\"><u>teatrobreve.com<\/u><\/a>.<\/p>\n\n\n\n<p>6:00 pm | Continua la exposici\u00f3n \u201cRazas de agua\u201d, una colectiva que reflexiona sobre el papel del agua en la historia, la memoria y la identidad del Caribe, explorando temas como la migraci\u00f3n, la espiritualidad, la salud mental y la preservaci\u00f3n ambiental. En la galer\u00eda Marca Ribe, calle Bol\u00edvar, Santurce.<\/p>\n\n\n\n<figure class=\"wp-block-image size-large\"><img loading=\"lazy\" decoding=\"async\" width=\"1024\" height=\"576\" src=\"https:\/\/cdn.noticel.com\/2026\/08\/25143129\/unnamed-9-1024x576.jpg\" alt=\"\" class=\"wp-image-1020468\" srcset=\"https:\/\/cdn.noticel.com\/2026\/08\/25143129\/unnamed-9-1024x576.jpg 1024w, https:\/\/cdn.noticel.com\/2026\/08\/25143129\/unnamed-9-300x169.jpg 300w, https:\/\/cdn.noticel.com\/2026\/08\/25143129\/unnamed-9-768x432.jpg 768w, https:\/\/cdn.noticel.com\/2026\/08\/25143129\/unnamed-9-18x10.jpg 18w, https:\/\/cdn.noticel.com\/2026\/08\/25143129\/unnamed-9.jpg 1200w\" sizes=\"auto, (max-width: 1024px) 100vw, 1024px\" \/><\/figure>\n\n\n\n<p><em>*Las actividades est\u00e1n sujetas a cambios. Si interesa que su actividad sea considerada para incluirla en nuestro calendario, por favor remita la informaci\u00f3n con anticipaci\u00f3n a <\/em><a href=\"mailto:noticelmesa@noticel.com\">noticelmesa@noticel.com<\/a><\/p>\n\n\n\n<p><em>*Prohibida la reproducci\u00f3n de este calendario en otros medios sin el consentimiento de NotiCel.<\/em><em><\/em><\/p>","protected":false},"excerpt":{"rendered":"<p>M\u00faltiples alternativas para disfrutar este fin de semana a nivel Isla. A continuaci\u00f3n, una muestra de lo que se estar\u00e1 presentando en t\u00e9rminos de actividades culturales. Que disfruten! Jueves 27 de agosto 12:00 pm | Contin\u00faa la exposici\u00f3n de arte titulada \u201cEl peine Afro: una historia de identidad y resistencia\u201d, que se presenta en el [&hellip;]<\/p>","protected":false},"author":100,"featured_media":1020470,"comment_status":"open","ping_status":"open","sticky":false,"template":"","format":"standard","meta":{"_acf_changed":false,"_monsterinsights_skip_tracking":false,"ep_exclude_from_search":false,"footnotes":""},"categories":[57,52],"tags":[6767],"class_list":["post-1020457","post","type-post","status-publish","format-standard","has-post-thumbnail","hentry","category-cultura","category-entretenimiento","tag-calendario-de-actividades"],"acf":[],"aioseo_notices":[],"_links":{"self":[{"href":"https:\/\/noticel.com\/en\/wp-json\/wp\/v2\/posts\/1020457","targetHints":{"allow":["GET"]}}],"collection":[{"href":"https:\/\/noticel.com\/en\/wp-json\/wp\/v2\/posts"}],"about":[{"href":"https:\/\/noticel.com\/en\/wp-json\/wp\/v2\/types\/post"}],"author":[{"embeddable":true,"href":"https:\/\/noticel.com\/en\/wp-json\/wp\/v2\/users\/100"}],"replies":[{"embeddable":true,"href":"https:\/\/noticel.com\/en\/wp-json\/wp\/v2\/comments?post=1020457"}],"version-history":[{"count":2,"href":"https:\/\/noticel.com\/en\/wp-json\/wp\/v2\/posts\/1020457\/revisions"}],"predecessor-version":[{"id":1020878,"href":"https:\/\/noticel.com\/en\/wp-json\/wp\/v2\/posts\/1020457\/revisions\/1020878"}],"wp:featuredmedia":[{"embeddable":true,"href":"https:\/\/noticel.com\/en\/wp-json\/wp\/v2\/media\/1020470"}],"wp:attachment":[{"href":"https:\/\/noticel.com\/en\/wp-json\/wp\/v2\/media?parent=1020457"}],"wp:term":[{"taxonomy":"category","embeddable":true,"href":"https:\/\/noticel.com\/en\/wp-json\/wp\/v2\/categories?post=1020457"},{"taxonomy":"post_tag","embeddable":true,"href":"https:\/\/noticel.com\/en\/wp-json\/wp\/v2\/tags?post=1020457"}],"curies":[{"name":"wp","href":"https:\/\/api.w.org\/{rel}","templated":true}]}}