{"id":101896,"date":"2013-04-09T22:41:15","date_gmt":"2013-04-10T02:41:15","guid":{"rendered":"http:\/\/www.noticel.com\/deportes\/20130409\/nba-se-acaba-la-temporada-para-kevin-love\/"},"modified":"2025-08-24T16:53:20","modified_gmt":"2025-08-24T16:53:20","slug":"nba-se-acaba-la-temporada-para-kevin-love","status":"publish","type":"post","link":"https:\/\/noticel.com\/en\/deportes\/20130409\/nba-se-acaba-la-temporada-para-kevin-love\/","title":{"rendered":"NBA: Se acaba la temporada para Kevin Love"},"content":{"rendered":"<p>El ala-p\u00edvot de los Timberwolves, Kevin Love, tendr\u00e1 que volver al quir\u00f3fano, esta vez por una lesi\u00f3n en la rodilla izquierda, que le har\u00e1 perder el resto de la temporada regular de la NBA, inform\u00f3 hoy el equipo de Minnesota.<\/p>\n<p>Love comenz\u00f3 la pretemporada con una lesi\u00f3n en la mu\u00f1eca derecha y ahora tendr\u00e1 que someterse a una artroscopia para retirar algunas esquirlas de hueso que hay sueltas en la rodilla.<\/p>\n<p>Seg\u00fan los m\u00e9dicos, tardar\u00e1 unas seis semanas para recuperarse.<\/p>\n<p>Los Timberwolves est\u00e1n eliminados de la fase final.<\/p>\n<p>&#8216;Fue, francamente, una temporada perdida para \u00e9l, pero lo positivo es que espera volver m\u00e1s en forma que nunca para la pr\u00f3xima&#8217;, declar\u00f3 el presidente de operaciones de b\u00e1squetbol de los Timberwolves, David Kahn.<\/p>\n<p>Love protagoniz\u00f3 una gran temporada en el 2011-12, adem\u00e1s de conseguir con el equipo nacional de Estados Unidos la medalla de oro ol\u00edmpico en Londres 2012.<\/p><div class=\"notic-content-middle\" id=\"notic-1783507239\"><div class=\"notic-adlabel\">Advertisements<\/div><a data-no-instant=\"1\" href=\"https:\/\/www.asegurate-bien.com\/\" rel=\"noopener\" class=\"a2t-link\" target=\"_blank\" aria-label=\"Acodese-Adaptaciones-Noticel-300&#215;600\"><img loading=\"lazy\" decoding=\"async\" src=\"https:\/\/cdn.noticel.com\/2026\/05\/30094652\/Acodese-Adaptaciones-Noticel-300x600-1.jpg\" alt=\"\"  srcset=\"https:\/\/cdn.noticel.com\/2026\/05\/30094652\/Acodese-Adaptaciones-Noticel-300x600-1.jpg 300w, https:\/\/cdn.noticel.com\/2026\/05\/30094652\/Acodese-Adaptaciones-Noticel-300x600-1-150x300.jpg 150w, https:\/\/cdn.noticel.com\/2026\/05\/30094652\/Acodese-Adaptaciones-Noticel-300x600-1-6x12.jpg 6w\" sizes=\"(max-width: 300px) 100vw, 300px\" width=\"300\" height=\"600\"   \/><\/a><\/div>\n<p>Love apostaba por una temporada exitosa por primera vez desde que en el 2004 empuj\u00f3 a los Timberwolves a la fase final en compa\u00f1\u00eda del base espa\u00f1ol Ricky Rubio, que tambi\u00e9n abandon\u00f3 por una grave lesi\u00f3n de ligamentos de la rodilla izquierda.<\/p>\n<p>La fractura en la mano derecha justo antes de arrancar la temporada regular le cost\u00f3 el primer mes de la temporada. Retorn\u00f3 de esa lesi\u00f3n a tiempo, pero nunca encontr\u00f3 su mejor nivel de juego.<\/p>\n<p>Kahn explic\u00f3 que Love comenz\u00f3 a sentir alguna molestia en la rodilla, el pasado diciembre, mientras jugaba ya con el equipo, pero nadie pens\u00f3 que era lo suficientemente serio para hacerle una resonancia.<\/p>\n<p>La baja y lesi\u00f3n de Love ha sido la \u00faltima decepci\u00f3n de las muchas que han sufrido esta temporada los Timberwolves en cuanto a las lesiones.<\/p>\n<p>S\u00f3lo la gran recuperaci\u00f3n y rendimiento que est\u00e1 teniendo el base espa\u00f1ol Ricky Rubio, recuperado de una grave lesi\u00f3n del ligamento cruzado anterior de la rodilla izquierda, es la gran alegr\u00eda que han recibido los Timberwolves esta temporada.<\/p>","protected":false},"excerpt":{"rendered":"<p>El ala-p\u00edvot de los Timberwolves, Kevin Love, tendr\u00e1 que volver al quir\u00f3fano, esta vez por una lesi\u00f3n en la rodilla izquierda, que le har\u00e1 perder el resto de la temporada regular de la NBA, inform\u00f3 hoy el equipo de Minnesota. Love comenz\u00f3 la pretemporada con una lesi\u00f3n en la mu\u00f1eca derecha y ahora tendr\u00e1 que [&hellip;]<\/p>","protected":false},"author":0,"featured_media":906404,"comment_status":"closed","ping_status":"closed","sticky":false,"template":"","format":"standard","meta":{"_acf_changed":false,"_monsterinsights_skip_tracking":false,"ep_exclude_from_search":false,"footnotes":""},"categories":[31],"tags":[],"class_list":["post-101896","post","type-post","status-publish","format-standard","has-post-thumbnail","hentry","category-deportes"],"acf":[],"aioseo_notices":[],"_links":{"self":[{"href":"https:\/\/noticel.com\/en\/wp-json\/wp\/v2\/posts\/101896","targetHints":{"allow":["GET"]}}],"collection":[{"href":"https:\/\/noticel.com\/en\/wp-json\/wp\/v2\/posts"}],"about":[{"href":"https:\/\/noticel.com\/en\/wp-json\/wp\/v2\/types\/post"}],"replies":[{"embeddable":true,"href":"https:\/\/noticel.com\/en\/wp-json\/wp\/v2\/comments?post=101896"}],"version-history":[{"count":1,"href":"https:\/\/noticel.com\/en\/wp-json\/wp\/v2\/posts\/101896\/revisions"}],"predecessor-version":[{"id":906420,"href":"https:\/\/noticel.com\/en\/wp-json\/wp\/v2\/posts\/101896\/revisions\/906420"}],"wp:featuredmedia":[{"embeddable":true,"href":"https:\/\/noticel.com\/en\/wp-json\/wp\/v2\/media\/906404"}],"wp:attachment":[{"href":"https:\/\/noticel.com\/en\/wp-json\/wp\/v2\/media?parent=101896"}],"wp:term":[{"taxonomy":"category","embeddable":true,"href":"https:\/\/noticel.com\/en\/wp-json\/wp\/v2\/categories?post=101896"},{"taxonomy":"post_tag","embeddable":true,"href":"https:\/\/noticel.com\/en\/wp-json\/wp\/v2\/tags?post=101896"}],"curies":[{"name":"wp","href":"https:\/\/api.w.org\/{rel}","templated":true}]}}