{"id":101818,"date":"2012-02-22T20:48:00","date_gmt":"2012-02-23T00:48:00","guid":{"rendered":"http:\/\/www.noticel.com\/deportes\/20120222\/seleccion-nacional-de-futbol-debuta-hoy-por-centroamerica\/"},"modified":"2025-07-18T08:50:13","modified_gmt":"2025-07-18T08:50:13","slug":"seleccion-nacional-de-futbol-debuta-hoy-por-centroamerica","status":"publish","type":"post","link":"https:\/\/noticel.com\/en\/deportes\/20120222\/seleccion-nacional-de-futbol-debuta-hoy-por-centroamerica\/","title":{"rendered":"Selecci\u00f3n nacional de f\u00fatbol debuta hoy por Centroam\u00e9rica"},"content":{"rendered":"<p>Los jugadores de la selecci\u00f3n boricua de f\u00fatbol quieren sacarle lucro al fogueo del mi\u00e9rcoles en la noche contra sus anfitriones de El Salvador cuando se midan a partir de las 7:30 p.m., hora local en San Salvador, (9:30 p.m. en Puerto Rico) con miras a la participaci\u00f3n en la Copa del Caribe.<\/p>\n<p>El t\u00e9cnico de la selecci\u00f3n nacional de Puerto Rico, el costarricense Jeaustin Campos, dio la lista de los jugadores titulares para esta noche, entre los que incluye a Eric Reyes, Gustavo Rivera, Anthony V\u00e1zquez, Richard Mart\u00ednez, Alexis Rivera, Cristian Arrieta, Andr\u00e9s P\u00e9rez, Andr\u00e9s Cabrero, Noah Delgado, Joseph &#8216;Jackie&#8217; Marrero, H\u00e9ctor &#8216;Pito&#8217; Ramos.<\/p>\n<p>Los suplentes son Balni Mercado, Jorge Rodr\u00edguez, Carlos Rosario, Emilio Cordero, \u00c1lvaro Betancourt, Alex Oikkonen, Franco Gamero y Christopher Megaloudis<\/p>\n<p>Campos asegur\u00f3 al diario La Prensa Gr\u00e1fica de El Salvador que el objetivo de jugar esta noche ante el combinado sub 23 de El Salvador es foguearse para la Copa del Caribe, de la que tomar\u00e1n parte el pr\u00f3ximo semestre.<\/p><div class=\"notic-content-middle\" id=\"notic-628367154\"><div class=\"notic-adlabel\">Advertisements<\/div><a data-no-instant=\"1\" href=\"https:\/\/www.asegurate-bien.com\/\" rel=\"noopener\" class=\"a2t-link\" target=\"_blank\" aria-label=\"Acodese-Adaptaciones-Noticel-970&#215;90\"><img loading=\"lazy\" decoding=\"async\" src=\"https:\/\/cdn.noticel.com\/2026\/07\/30100146\/Acodese-Adaptaciones-Noticel-970x90-1.jpg\" alt=\"\"  srcset=\"https:\/\/cdn.noticel.com\/2026\/07\/30100146\/Acodese-Adaptaciones-Noticel-970x90-1.jpg 970w, https:\/\/cdn.noticel.com\/2026\/07\/30100146\/Acodese-Adaptaciones-Noticel-970x90-1-300x28.jpg 300w, https:\/\/cdn.noticel.com\/2026\/07\/30100146\/Acodese-Adaptaciones-Noticel-970x90-1-768x71.jpg 768w, https:\/\/cdn.noticel.com\/2026\/07\/30100146\/Acodese-Adaptaciones-Noticel-970x90-1-18x2.jpg 18w\" sizes=\"(max-width: 970px) 100vw, 970px\" width=\"970\" height=\"90\"   \/><\/a><\/div>\n<p>&#8216;Estamos buscando una filosof\u00eda y que poco a poco los muchachos vayan asimilando todo este mundo de selecci\u00f3n. Estamos reactivando las selecciones. Me consta que el f\u00fatbol de El Salvador ha tomado un segundo aire. Cuando me dijeron que era contra la selecci\u00f3n sub 23, lejos de menospreciar, con mucha m\u00e1s raz\u00f3n asumimos. Nosotros traemos algunos sub 20 y sub 23 y los dem\u00e1s son la base de los jugadores de la \u00faltima eliminatoria, con jugadores del Puerto Rico Islanders (de la segunda divisi\u00f3n de Estados Unidos)&#8217;, apunt\u00f3 el timonel de los puertorrique\u00f1os.<\/p>\n<p>El conjunto mayor boricua no pudo avanzar en la eliminatoria a Brasil 2014 porque fue eliminado en segunda fase. De su grupo, fue la selecci\u00f3n de Canad\u00e1 la que logr\u00f3 el pase a la siguiente instancia.<\/p>\n<p>Puerto Rico trabaj\u00f3 el lunes por la noche en la cancha sint\u00e9tica de la Federaci\u00f3n Salvadore\u00f1a de F\u00fatbol bajo la mirada de algunos dirigentes de la primera divisi\u00f3n del balompi\u00e9 local. Campos hizo muchas observaciones a sus pupilos, sobre todo con el traslado de la pelota. Ayer por la tarde reconoci\u00f3 el c\u00e9sped del estadio Cuscatl\u00e1n de la capital salvadore\u00f1a donde se jugar\u00e1 esta noche.<\/p>","protected":false},"excerpt":{"rendered":"<p>Los jugadores de la selecci\u00f3n boricua de f\u00fatbol quieren sacarle lucro al fogueo del mi\u00e9rcoles en la noche contra sus anfitriones de El Salvador cuando se midan a partir de las 7:30 p.m., hora local en San Salvador, (9:30 p.m. en Puerto Rico) con miras a la participaci\u00f3n en la Copa del Caribe. El t\u00e9cnico [&hellip;]<\/p>","protected":false},"author":0,"featured_media":501546,"comment_status":"closed","ping_status":"closed","sticky":false,"template":"","format":"standard","meta":{"_acf_changed":false,"_monsterinsights_skip_tracking":false,"ep_exclude_from_search":false,"footnotes":""},"categories":[31],"tags":[],"class_list":["post-101818","post","type-post","status-publish","format-standard","has-post-thumbnail","hentry","category-deportes"],"acf":[],"aioseo_notices":[],"_links":{"self":[{"href":"https:\/\/noticel.com\/en\/wp-json\/wp\/v2\/posts\/101818","targetHints":{"allow":["GET"]}}],"collection":[{"href":"https:\/\/noticel.com\/en\/wp-json\/wp\/v2\/posts"}],"about":[{"href":"https:\/\/noticel.com\/en\/wp-json\/wp\/v2\/types\/post"}],"replies":[{"embeddable":true,"href":"https:\/\/noticel.com\/en\/wp-json\/wp\/v2\/comments?post=101818"}],"version-history":[{"count":1,"href":"https:\/\/noticel.com\/en\/wp-json\/wp\/v2\/posts\/101818\/revisions"}],"predecessor-version":[{"id":501555,"href":"https:\/\/noticel.com\/en\/wp-json\/wp\/v2\/posts\/101818\/revisions\/501555"}],"wp:featuredmedia":[{"embeddable":true,"href":"https:\/\/noticel.com\/en\/wp-json\/wp\/v2\/media\/501546"}],"wp:attachment":[{"href":"https:\/\/noticel.com\/en\/wp-json\/wp\/v2\/media?parent=101818"}],"wp:term":[{"taxonomy":"category","embeddable":true,"href":"https:\/\/noticel.com\/en\/wp-json\/wp\/v2\/categories?post=101818"},{"taxonomy":"post_tag","embeddable":true,"href":"https:\/\/noticel.com\/en\/wp-json\/wp\/v2\/tags?post=101818"}],"curies":[{"name":"wp","href":"https:\/\/api.w.org\/{rel}","templated":true}]}}