{"id":101185,"date":"2012-04-23T06:13:00","date_gmt":"2012-04-23T10:13:00","guid":{"rendered":"http:\/\/www.noticel.com\/la-calle\/20120423\/que-paso-hoy-video-183\/"},"modified":"2025-07-24T04:15:24","modified_gmt":"2025-07-24T04:15:24","slug":"que-paso-hoy-video-183","status":"publish","type":"post","link":"https:\/\/noticel.com\/en\/noticias\/la-calle\/20120423\/que-paso-hoy-video-183\/","title":{"rendered":"Qu\u00e9 pas\u00f3 hoy? (v\u00eddeo)"},"content":{"rendered":"<p>Lunes 23 de abril de 2012 ? El d\u00eda que el Presidente de los Estados Unidos anunci\u00f3 que hab\u00eda terminado su participaci\u00f3n en la Guerra de Vietnam<\/p>\n<p>Un d\u00eda como hoy, hace 37 a\u00f1os, el Presidente de los Estados Unidos, Gerald Ford, proclam\u00f3 uno de los hist\u00f3ricos discursos de dicho pa\u00eds al anunciar en la Universidad de Tulane, en Nueva Orleans, Louisiana:<\/p>\n<p>&#8216;Today America can regain a sense of pride that existed before Vietnam, but it cannot be achieved by refighting a war that is finished as far as America is concerned. I ask that we stop refighting the battles and the recriminations of the past.&#8217;<\/p>\n<p>As\u00ed, precisamente en la ciudad en que Estados Unidos consolid\u00f3 definitivamente su independencia nacional del Reino Unido durante la Guerra de 1812, finalmente se anunci\u00f3 la conclusi\u00f3n del cese de acciones b\u00e9licas en lo que supuso un conflicto que termin\u00f3 en la derrota militar m\u00e1s humillante de la que jam\u00e1s hayan sido objeto las Fuerzas Armadas de los Estados Unidos: la Guerra de Vietnam.<\/p>\n<p>La intervenci\u00f3n de Estados Unidos en la Guerra de Vietnam inici\u00f3 mediante el env\u00edo de asesores militares para colaborar con la empresa colonial de Francia en Indochina, incluyendo Vietnmam, adem\u00e1s de los pa\u00edses vecinos de Cambodia y Laos. All\u00e1 para 1964-65, el entonces Presidente de EE.UU., Lyndon Johnson, orden\u00f3 el env\u00edo paulatino de decenas de miles de tropas norteamericanas que eventualmente supuso una guerra a gran escala que el Congreso de Estados Unidos nunca declar\u00f3 oficialmente.<\/p>\n<p>Aunque el Departamento de la Defensa de EE.UU. no mantuvo estad\u00edsticas adecuadas de la cantidad de puertorrique\u00f1os que fallecieron en la Guerra de Vietnam, se estima que alrededor de 500 soldados puertorrique\u00f1os murieron en combate y, aproximadamente, 4,000 fueron heridos en batalla. Vale destacar que durante dicho periodo, los boricuas en Puerto Rico eran reclutados forzosamente a participar en las Fuerzas Armadas de Estados Unidos a pesar de que, al igual que ahora, el Gobierno de Estados Unidos excluye a los puertorrique\u00f1os de participar en las elecciones conducentes a seleccionar al Presidente de EE.UU., quien es el Comandante en Jefe de las Fuerzas Armadas que los env\u00eda a participar en conflictos y guerras. Adem\u00e1s, Puerto Rico no cuenta con ning\u00fan representante con derecho a votar en el Congreso de EE.UU., que es el cuerpo que cuenta con la prerrogativa constitucional de declarar guerras a nombre del Gobierno de los Estados Unidos.<\/p>\n<p>Se estima que en la Guerra de Vietnam fallecieron alrededor de cinco millones (5,000,000) de militares y civiles vietnamitas (1959-1975) y las Fuerzas Armadas de Estados Unidos sostuvieron aproximadamente 58,220 muertos y 303,644 heridos.<\/p>\n<p>Hoy, en el d\u00eda en que se conmemora el 37 aniversario de esta terrible guerra, tenemos presente a todas y todos los que fallecieron en \u00e9ste y otros combates b\u00e9licos en la historia de la humanidad.<\/p>\n<p>&#8216;No entendemos c\u00f3mo una humanidad que gasta $2 millones por minuto en gastos militares, puede subsistir sanamente bajo esta carrera armamentista.&#8217;<\/p>\n<p>-Pedro Rossell\u00f3 Gonz\u00e1lez<\/p>\n<p>&#8216;No voy a ser el primer presidente que pierde una guerra.&#8217;<\/p>\n<p>-Richard Nixon<\/p>\n<p>&#8216;Nada es mas querido que la Independencia y la Libertad.&#8217;<\/p>\n<p>&#8211; Ho Chi Minh<\/p>\n<p>Para m\u00e1s informaci\u00f3n hist\u00f3rica, sigue a Hans Perl Matanzo y a Ana Gabriela Gonz\u00e1lez Oliva en <a href=\"http:\/\/www.facebook.com\/PUERTOricoPuertoRico?ref=ts\" target=\"_blank\">Rico Puerto Rico<\/a>.<\/p>","protected":false},"excerpt":{"rendered":"<p>Lunes 23 de abril de 2012 ? El d\u00eda que el Presidente de los Estados Unidos anunci\u00f3 que hab\u00eda terminado su participaci\u00f3n en la Guerra de Vietnam Un d\u00eda como hoy, hace 37 a\u00f1os, el Presidente de los Estados Unidos, Gerald Ford, proclam\u00f3 uno de los hist\u00f3ricos discursos de dicho pa\u00eds al anunciar en la [&hellip;]<\/p>","protected":false},"author":0,"featured_media":0,"comment_status":"closed","ping_status":"closed","sticky":false,"template":"","format":"standard","meta":{"_acf_changed":false,"_monsterinsights_skip_tracking":false,"ep_exclude_from_search":false,"footnotes":""},"categories":[12],"tags":[],"class_list":["post-101185","post","type-post","status-publish","format-standard","hentry","category-la-calle"],"acf":[],"aioseo_notices":[],"_links":{"self":[{"href":"https:\/\/noticel.com\/en\/wp-json\/wp\/v2\/posts\/101185","targetHints":{"allow":["GET"]}}],"collection":[{"href":"https:\/\/noticel.com\/en\/wp-json\/wp\/v2\/posts"}],"about":[{"href":"https:\/\/noticel.com\/en\/wp-json\/wp\/v2\/types\/post"}],"replies":[{"embeddable":true,"href":"https:\/\/noticel.com\/en\/wp-json\/wp\/v2\/comments?post=101185"}],"version-history":[{"count":1,"href":"https:\/\/noticel.com\/en\/wp-json\/wp\/v2\/posts\/101185\/revisions"}],"predecessor-version":[{"id":568122,"href":"https:\/\/noticel.com\/en\/wp-json\/wp\/v2\/posts\/101185\/revisions\/568122"}],"wp:attachment":[{"href":"https:\/\/noticel.com\/en\/wp-json\/wp\/v2\/media?parent=101185"}],"wp:term":[{"taxonomy":"category","embeddable":true,"href":"https:\/\/noticel.com\/en\/wp-json\/wp\/v2\/categories?post=101185"},{"taxonomy":"post_tag","embeddable":true,"href":"https:\/\/noticel.com\/en\/wp-json\/wp\/v2\/tags?post=101185"}],"curies":[{"name":"wp","href":"https:\/\/api.w.org\/{rel}","templated":true}]}}