{"id":100882,"date":"2011-07-16T22:15:00","date_gmt":"2011-07-17T02:15:00","guid":{"rendered":"http:\/\/www.noticel.com\/deportes\/20110716\/lesion-de-vasallo-desbalancea-a-la-seleccion\/"},"modified":"2025-08-29T13:25:30","modified_gmt":"2025-08-29T13:25:30","slug":"lesion-de-vasallo-desbalancea-a-la-seleccion","status":"publish","type":"post","link":"https:\/\/noticel.com\/en\/deportes\/20110716\/lesion-de-vasallo-desbalancea-a-la-seleccion\/","title":{"rendered":"Lesi\u00f3n de Vasallo desbalancea a la selecci\u00f3n"},"content":{"rendered":"<p>Llueve y no escampa para la selecci\u00f3n nacional. Ahora resulta que el cuadro inicial del equipo que ir\u00e1 a buscar la clasificaci\u00f3n ol\u00edmpica al Torneo Preol\u00edmpico de Las Am\u00e9ricas en Mar de Plata a finales de agosto es un verdadero misterio.<\/p>\n<p>El delantero Angel Daniel Vassallo, de los Mets de Guaynabo, ser\u00e1 operado este lunes luego de que un examen de resonancia magn\u00e9tica (MRI) realizado el s\u00e1bado arrojara que se hab\u00eda roto el menisco de su rodilla, lesi\u00f3n suscitada en el tercer partido de la serie final entre los metropolitanos y los Capitanes de Arecibo el pasado viernes en el Coliseo Petaka Iguina.<\/p>\n<p>A pesar de que el s\u00e1bado el apoderado de los Mets, Edwin Loubriel, gritaba a los cuatro vientos que Vasallo no tan solo perder\u00eda lo que restaba de temporada del Baloncesto Superior Nacional (BSN), sino que &#8216;con toda probabilidad perder\u00e1 el Preol\u00edmpico&#8217;, el presidente de la Federaci\u00f3n de Baloncesto, Carlos Beltr\u00e1n, a\u00fan ve\u00eda una luz al final del t\u00fanel.<\/p>\n<p>&#8216;A \u00e9l lo operan el lunes, y hasta que no se opere y el m\u00e9dico nos diga, no puedo decir con seguridad. Perdi\u00f3 la temporada con Guaynabo, pero para saber su estatus con la selecci\u00f3n hay que esperar a que el m\u00e9dico lo eval\u00fae el lunes&#8217;, dijo Beltr\u00e1n el s\u00e1bado a NotiCel.<\/p>\n<p>De ser as\u00ed, la potencial l\u00ednea frontal inicial de Puerto Rico quedar\u00eda fuera de servicio. El viernes trascendi\u00f3 que el delantero fuerte Nathan Peavy est\u00e1 pautado para operarse de la mano derecha el pr\u00f3ximo mi\u00e9rcoles luego de que se fracturara su dedo anular durante el partido del jueves de serie semifinal entre los Vaqueros de Bayam\u00f3n y los Piratas de Quebradillas.<\/p>\n<p>&#8216;La lesi\u00f3n le toma en recuperarse como seis semanas, posiblemente m\u00e1s. Lamentamos esto, es una noticia muy lamentable. El mi\u00e9rcoles lo operan, y si el tiempo de recuperaci\u00f3n es como se ha indicado, pues est\u00e1 fuera de la selecci\u00f3n&#8217;, dijo Beltr\u00e1n el viernes a NotiCel.<\/p><div class=\"notic-content-middle\" id=\"notic-112067140\"><div class=\"notic-adlabel\">Advertisements<\/div><a data-no-instant=\"1\" href=\"https:\/\/www.asegurate-bien.com\/\" rel=\"noopener\" class=\"a2t-link\" target=\"_blank\" aria-label=\"Acodese-Adaptaciones-Noticel-300&#215;600\"><img loading=\"lazy\" decoding=\"async\" src=\"https:\/\/cdn.noticel.com\/2026\/05\/30094652\/Acodese-Adaptaciones-Noticel-300x600-1.jpg\" alt=\"\"  srcset=\"https:\/\/cdn.noticel.com\/2026\/05\/30094652\/Acodese-Adaptaciones-Noticel-300x600-1.jpg 300w, https:\/\/cdn.noticel.com\/2026\/05\/30094652\/Acodese-Adaptaciones-Noticel-300x600-1-150x300.jpg 150w, https:\/\/cdn.noticel.com\/2026\/05\/30094652\/Acodese-Adaptaciones-Noticel-300x600-1-6x12.jpg 6w\" sizes=\"(max-width: 300px) 100vw, 300px\" width=\"300\" height=\"600\"   \/><\/a><\/div>\n<p>&#8216;Pero, qu\u00e9 vamos a hacer? Vamos a seguir trabajando. No nos vamos a poner a llorar. El Muro de los Lamentos queda en Israel, no en Baldrich. Vamos a seguir trabajando, pues entendemos que tenemos bastante material con quien llenar este vac\u00edo&#8217;, destac\u00f3.<\/p>\n<p>Beltr\u00e1n dijo que antes de que sucediera esto, el dirigente Flor Mel\u00e9ndez hab\u00eda hecho oficial la convocaci\u00f3n del centro Luis Villafa\u00f1e, quien ya cuenta con experiencia internacional y que viene de completar su temporada con los Cangrejeros de Santurce.<\/p>\n<p>De igual forma, a\u00fan ronda una nube de incertidumbre con el centro Peter John Ramos, que le dijo a dos diarios del pa\u00eds que quiz\u00e1s se pierde el Preol\u00edmpico por tener que tratarse una hernia.<\/p>\n<p>El viernes pasado, el dirigente de la selecci\u00f3n nacional, Flor Mel\u00e9ndez, le sali\u00f3 al paso a esa informaci\u00f3n, indic\u00e1ndole a NotiCel que &#8216;eso lo escriben para sacar noticias, pero Peter John Ramos, hasta donde yo s\u00e9, est\u00e1 bien y va para Argentina con la selecci\u00f3n. Incluso, \u00e9l ha sido uno de los primeros en afirmar su participaci\u00f3n y la comunicaci\u00f3n que he tenido con \u00e9l ha sido franca. Lo he visto en los dos juegos de Quebradillas y he hablado con \u00e9l y est\u00e1 disponible&#8217;.<\/p>\n<p>El tiempo dir\u00e1. Pero por ahora, solo podemos hacernos una pregunta: a qui\u00e9n le pasar\u00e1n la bola finalmente Carlos Arroyo y Jos\u00e9 Juan Barea?<\/p>","protected":false},"excerpt":{"rendered":"<p>Llueve y no escampa para la selecci\u00f3n nacional. Ahora resulta que el cuadro inicial del equipo que ir\u00e1 a buscar la clasificaci\u00f3n ol\u00edmpica al Torneo Preol\u00edmpico de Las Am\u00e9ricas en Mar de Plata a finales de agosto es un verdadero misterio. El delantero Angel Daniel Vassallo, de los Mets de Guaynabo, ser\u00e1 operado este lunes [&hellip;]<\/p>","protected":false},"author":0,"featured_media":936380,"comment_status":"closed","ping_status":"closed","sticky":false,"template":"","format":"standard","meta":{"_acf_changed":false,"_monsterinsights_skip_tracking":false,"ep_exclude_from_search":false,"footnotes":""},"categories":[31],"tags":[],"class_list":["post-100882","post","type-post","status-publish","format-standard","has-post-thumbnail","hentry","category-deportes"],"acf":[],"aioseo_notices":[],"_links":{"self":[{"href":"https:\/\/noticel.com\/en\/wp-json\/wp\/v2\/posts\/100882","targetHints":{"allow":["GET"]}}],"collection":[{"href":"https:\/\/noticel.com\/en\/wp-json\/wp\/v2\/posts"}],"about":[{"href":"https:\/\/noticel.com\/en\/wp-json\/wp\/v2\/types\/post"}],"replies":[{"embeddable":true,"href":"https:\/\/noticel.com\/en\/wp-json\/wp\/v2\/comments?post=100882"}],"version-history":[{"count":1,"href":"https:\/\/noticel.com\/en\/wp-json\/wp\/v2\/posts\/100882\/revisions"}],"predecessor-version":[{"id":936391,"href":"https:\/\/noticel.com\/en\/wp-json\/wp\/v2\/posts\/100882\/revisions\/936391"}],"wp:featuredmedia":[{"embeddable":true,"href":"https:\/\/noticel.com\/en\/wp-json\/wp\/v2\/media\/936380"}],"wp:attachment":[{"href":"https:\/\/noticel.com\/en\/wp-json\/wp\/v2\/media?parent=100882"}],"wp:term":[{"taxonomy":"category","embeddable":true,"href":"https:\/\/noticel.com\/en\/wp-json\/wp\/v2\/categories?post=100882"},{"taxonomy":"post_tag","embeddable":true,"href":"https:\/\/noticel.com\/en\/wp-json\/wp\/v2\/tags?post=100882"}],"curies":[{"name":"wp","href":"https:\/\/api.w.org\/{rel}","templated":true}]}}