{"id":100722,"date":"2015-11-19T09:10:00","date_gmt":"2015-11-19T13:10:00","guid":{"rendered":"http:\/\/www.noticel.com\/mundo\/20151119\/fallece-cerebro-de-los-atentados-de-paris\/"},"modified":"2025-07-28T10:10:44","modified_gmt":"2025-07-28T10:10:44","slug":"fallece-cerebro-de-los-atentados-de-paris","status":"publish","type":"post","link":"https:\/\/noticel.com\/en\/noticias\/mundo\/20151119\/fallece-cerebro-de-los-atentados-de-paris\/","title":{"rendered":"Fallece cerebro de los atentados de Par\u00eds"},"content":{"rendered":"<p>El belga Abdel Hamid Abaaoud, considerado el cerebro de los atentados de Par\u00eds, ha sido identificado como uno de los terroristas fallecidos ayer en el asalto de Saint Denis, indic\u00f3 hoy la Fiscal\u00eda de Par\u00eds.<\/p><div class=\"notic-content-middle\" id=\"notic-4200525076\"><div class=\"notic-adlabel\">Advertisements<\/div><a data-no-instant=\"1\" href=\"https:\/\/www.asegurate-bien.com\/\" rel=\"noopener\" class=\"a2t-link\" target=\"_blank\" aria-label=\"Acodese-Adaptaciones-Noticel-300&#215;250\"><img loading=\"lazy\" decoding=\"async\" src=\"https:\/\/cdn.noticel.com\/2026\/05\/30094423\/Acodese-Adaptaciones-Noticel-300x250-1.jpg\" alt=\"\"  srcset=\"https:\/\/cdn.noticel.com\/2026\/05\/30094423\/Acodese-Adaptaciones-Noticel-300x250-1.jpg 300w, https:\/\/cdn.noticel.com\/2026\/05\/30094423\/Acodese-Adaptaciones-Noticel-300x250-1-14x12.jpg 14w\" sizes=\"(max-width: 300px) 100vw, 300px\" width=\"300\" height=\"250\"   \/><\/a><\/div>\n<p>Pendientes a NotiCelpara m\u00e1s detalles.<\/p>","protected":false},"excerpt":{"rendered":"<p>El belga Abdel Hamid Abaaoud, considerado el cerebro de los atentados de Par\u00eds, ha sido identificado como uno de los terroristas fallecidos ayer en el asalto de Saint Denis, indic\u00f3 hoy la Fiscal\u00eda de Par\u00eds. Pendientes a NotiCelpara m\u00e1s detalles.<\/p>","protected":false},"author":0,"featured_media":599275,"comment_status":"closed","ping_status":"closed","sticky":false,"template":"","format":"standard","meta":{"_acf_changed":false,"_monsterinsights_skip_tracking":false,"ep_exclude_from_search":false,"footnotes":""},"categories":[17],"tags":[],"class_list":["post-100722","post","type-post","status-publish","format-standard","has-post-thumbnail","hentry","category-mundo"],"acf":[],"aioseo_notices":[],"_links":{"self":[{"href":"https:\/\/noticel.com\/en\/wp-json\/wp\/v2\/posts\/100722","targetHints":{"allow":["GET"]}}],"collection":[{"href":"https:\/\/noticel.com\/en\/wp-json\/wp\/v2\/posts"}],"about":[{"href":"https:\/\/noticel.com\/en\/wp-json\/wp\/v2\/types\/post"}],"replies":[{"embeddable":true,"href":"https:\/\/noticel.com\/en\/wp-json\/wp\/v2\/comments?post=100722"}],"version-history":[{"count":1,"href":"https:\/\/noticel.com\/en\/wp-json\/wp\/v2\/posts\/100722\/revisions"}],"predecessor-version":[{"id":599295,"href":"https:\/\/noticel.com\/en\/wp-json\/wp\/v2\/posts\/100722\/revisions\/599295"}],"wp:featuredmedia":[{"embeddable":true,"href":"https:\/\/noticel.com\/en\/wp-json\/wp\/v2\/media\/599275"}],"wp:attachment":[{"href":"https:\/\/noticel.com\/en\/wp-json\/wp\/v2\/media?parent=100722"}],"wp:term":[{"taxonomy":"category","embeddable":true,"href":"https:\/\/noticel.com\/en\/wp-json\/wp\/v2\/categories?post=100722"},{"taxonomy":"post_tag","embeddable":true,"href":"https:\/\/noticel.com\/en\/wp-json\/wp\/v2\/tags?post=100722"}],"curies":[{"name":"wp","href":"https:\/\/api.w.org\/{rel}","templated":true}]}}