{"id":100687,"date":"2014-04-04T20:41:28","date_gmt":"2014-04-05T00:41:28","guid":{"rendered":"http:\/\/www.noticel.com\/mundo\/20140404\/crisis-en-crimea-provoca-el-cierre-de-varios-mcdonalds\/"},"modified":"2025-08-20T04:22:35","modified_gmt":"2025-08-20T04:22:35","slug":"crisis-en-crimea-provoca-el-cierre-de-varios-mcdonalds","status":"publish","type":"post","link":"https:\/\/noticel.com\/en\/noticias\/mundo\/20140404\/crisis-en-crimea-provoca-el-cierre-de-varios-mcdonalds\/","title":{"rendered":"Crisis en Crimea provoca el cierre de varios McDonalds"},"content":{"rendered":"<p>La multinacional McDonalds anunci\u00f3 el viernes que cerrar\u00e1 temporalmente sus tres restaurantes en Crimea por la &#8216;suspensi\u00f3n de los necesarios servicios financieros&#8217; debido a las sanciones de las potencias occidentales a Rusia en respuesta a su anexi\u00f3n de esa pen\u00ednsula ucraniana.<\/p>\n<p>Seg\u00fan un comunicado de la empresa, que avanz\u00f3 que espera reabrir sus locales tan pronto como les sea posible, se trata de una decisi\u00f3n &#8216;estrictamente empresarial que no tiene nada que ver con la pol\u00edtica&#8217;.<\/p>\n<p>&#8216;Debido a la suspensi\u00f3n de los necesarios servicios financieros y bancarios, no tenemos m\u00e1s opci\u00f3n que cerrar nuestros tres restaurantes en Crimea&#8217;, se\u00f1al\u00f3 la compa\u00f1\u00eda.<\/p><div class=\"notic-content-middle\" id=\"notic-2206836003\"><div class=\"notic-adlabel\">Advertisements<\/div><a data-no-instant=\"1\" href=\"https:\/\/qrco.de\/bgxd5v\" rel=\"noopener\" class=\"a2t-link\" target=\"_blank\" aria-label=\"DisplayAds-970&#215;2503\"><img loading=\"lazy\" decoding=\"async\" src=\"https:\/\/cdn.noticel.com\/2026\/09\/02201056\/DisplayAds-970x2503-1.jpg\" alt=\"\"  srcset=\"https:\/\/cdn.noticel.com\/2026\/09\/02201056\/DisplayAds-970x2503-1.jpg 970w, https:\/\/cdn.noticel.com\/2026\/09\/02201056\/DisplayAds-970x2503-1-300x77.jpg 300w, https:\/\/cdn.noticel.com\/2026\/09\/02201056\/DisplayAds-970x2503-1-768x198.jpg 768w, https:\/\/cdn.noticel.com\/2026\/09\/02201056\/DisplayAds-970x2503-1-18x5.jpg 18w\" sizes=\"(max-width: 970px) 100vw, 970px\" width=\"970\" height=\"250\"   \/><\/a><\/div>\n<p>La cadena de comida r\u00e1pida explic\u00f3 que est\u00e1 &#8216;evaluando las posibles implicaciones empresariales y de regulaci\u00f3n que puedan resultar de la evoluci\u00f3n de la situaci\u00f3n en Crimea&#8217; y que est\u00e1 &#8216;dando numerosos pasos para apoyar&#8217; a sus empleados.<\/p>\n<p>Precisamente esta semana, un grupo de activistas rusos que aboga por la comida sana escenific\u00f3 en el centro de Mosc\u00fa la expulsi\u00f3n de la hamburguesa estadounidense en respuesta a las sanciones de Occidente por la anexi\u00f3n rusa de Crimea.<\/p>","protected":false},"excerpt":{"rendered":"<p>La multinacional McDonalds anunci\u00f3 el viernes que cerrar\u00e1 temporalmente sus tres restaurantes en Crimea por la &#8216;suspensi\u00f3n de los necesarios servicios financieros&#8217; debido a las sanciones de las potencias occidentales a Rusia en respuesta a su anexi\u00f3n de esa pen\u00ednsula ucraniana. Seg\u00fan un comunicado de la empresa, que avanz\u00f3 que espera reabrir sus locales tan [&hellip;]<\/p>","protected":false},"author":0,"featured_media":0,"comment_status":"closed","ping_status":"closed","sticky":false,"template":"","format":"standard","meta":{"_acf_changed":false,"_monsterinsights_skip_tracking":false,"ep_exclude_from_search":false,"footnotes":""},"categories":[17],"tags":[],"class_list":["post-100687","post","type-post","status-publish","format-standard","hentry","category-mundo"],"acf":[],"aioseo_notices":[],"_links":{"self":[{"href":"https:\/\/noticel.com\/en\/wp-json\/wp\/v2\/posts\/100687","targetHints":{"allow":["GET"]}}],"collection":[{"href":"https:\/\/noticel.com\/en\/wp-json\/wp\/v2\/posts"}],"about":[{"href":"https:\/\/noticel.com\/en\/wp-json\/wp\/v2\/types\/post"}],"replies":[{"embeddable":true,"href":"https:\/\/noticel.com\/en\/wp-json\/wp\/v2\/comments?post=100687"}],"version-history":[{"count":1,"href":"https:\/\/noticel.com\/en\/wp-json\/wp\/v2\/posts\/100687\/revisions"}],"predecessor-version":[{"id":879050,"href":"https:\/\/noticel.com\/en\/wp-json\/wp\/v2\/posts\/100687\/revisions\/879050"}],"wp:attachment":[{"href":"https:\/\/noticel.com\/en\/wp-json\/wp\/v2\/media?parent=100687"}],"wp:term":[{"taxonomy":"category","embeddable":true,"href":"https:\/\/noticel.com\/en\/wp-json\/wp\/v2\/categories?post=100687"},{"taxonomy":"post_tag","embeddable":true,"href":"https:\/\/noticel.com\/en\/wp-json\/wp\/v2\/tags?post=100687"}],"curies":[{"name":"wp","href":"https:\/\/api.w.org\/{rel}","templated":true}]}}