{"id":1001289,"date":"2026-05-19T09:04:54","date_gmt":"2026-05-19T13:04:54","guid":{"rendered":"https:\/\/noticel.com\/?p=1001289"},"modified":"2026-05-19T09:25:17","modified_gmt":"2026-05-19T13:25:17","slug":"hallan-hombre-asesinado-dentro-de-un-carro-en-trujillo-alto","status":"publish","type":"post","link":"https:\/\/noticel.com\/en\/noticias\/la-calle\/policiacas\/20260519\/hallan-hombre-asesinado-dentro-de-un-carro-en-trujillo-alto\/","title":{"rendered":"Hallan hombre asesinado dentro de un carro en Trujillo Alto"},"content":{"rendered":"<p>Una muerte violenta se report\u00f3 a eso de las 10:56 de la noche del lunes, en la avenida Las Cumbres, en Trujillo Alto.<\/p>\n\n\n\n<p>Seg\u00fan el reporte de la Polic\u00eda, una llamada a trav\u00e9s del Sistema de Emergencias 9-1-1 inform\u00f3 sobre disparos en el lugar.<\/p>\n\n\n\n<p>Al llegar la polic\u00eda al lugar, encontraron un auto de color rojo con varios impactos de bala y en su interior el cuerpo baleado de un hombre el cual no ha sido identificado.<\/p>\n\n\n\n<p>Agentes adscritos a la Divisi\u00f3n de Homicidios, del Cuerpo de Investigaciones Criminales de Carolina investigan.<\/p>","protected":false},"excerpt":{"rendered":"<p>Una muerte violenta se report\u00f3 a eso de las 10:56 de la noche del lunes, en la avenida Las Cumbres, en Trujillo Alto. Seg\u00fan el reporte de la Polic\u00eda, una llamada a trav\u00e9s del Sistema de Emergencias 9-1-1 inform\u00f3 sobre disparos en el lugar. Al llegar la polic\u00eda al lugar, encontraron un auto de color [&hellip;]<\/p>","protected":false},"author":101,"featured_media":970079,"comment_status":"open","ping_status":"open","sticky":false,"template":"","format":"standard","meta":{"_acf_changed":false,"_monsterinsights_skip_tracking":false,"ep_exclude_from_search":false,"footnotes":""},"categories":[15],"tags":[142,1605],"class_list":["post-1001289","post","type-post","status-publish","format-standard","has-post-thumbnail","hentry","category-policiacas","tag-asesinato","tag-trujillo-alto"],"acf":[],"aioseo_notices":[],"_links":{"self":[{"href":"https:\/\/noticel.com\/en\/wp-json\/wp\/v2\/posts\/1001289","targetHints":{"allow":["GET"]}}],"collection":[{"href":"https:\/\/noticel.com\/en\/wp-json\/wp\/v2\/posts"}],"about":[{"href":"https:\/\/noticel.com\/en\/wp-json\/wp\/v2\/types\/post"}],"author":[{"embeddable":true,"href":"https:\/\/noticel.com\/en\/wp-json\/wp\/v2\/users\/101"}],"replies":[{"embeddable":true,"href":"https:\/\/noticel.com\/en\/wp-json\/wp\/v2\/comments?post=1001289"}],"version-history":[{"count":2,"href":"https:\/\/noticel.com\/en\/wp-json\/wp\/v2\/posts\/1001289\/revisions"}],"predecessor-version":[{"id":1001295,"href":"https:\/\/noticel.com\/en\/wp-json\/wp\/v2\/posts\/1001289\/revisions\/1001295"}],"wp:featuredmedia":[{"embeddable":true,"href":"https:\/\/noticel.com\/en\/wp-json\/wp\/v2\/media\/970079"}],"wp:attachment":[{"href":"https:\/\/noticel.com\/en\/wp-json\/wp\/v2\/media?parent=1001289"}],"wp:term":[{"taxonomy":"category","embeddable":true,"href":"https:\/\/noticel.com\/en\/wp-json\/wp\/v2\/categories?post=1001289"},{"taxonomy":"post_tag","embeddable":true,"href":"https:\/\/noticel.com\/en\/wp-json\/wp\/v2\/tags?post=1001289"}],"curies":[{"name":"wp","href":"https:\/\/api.w.org\/{rel}","templated":true}]}}